{"id":7792,"date":"2024-10-04T16:43:18","date_gmt":"2024-10-04T14:43:18","guid":{"rendered":"http:\/\/www.ff-averlak-blangenmoor.de\/wcms\/?p=7792"},"modified":"2024-10-04T16:43:18","modified_gmt":"2024-10-04T14:43:18","slug":"aufbau-eines-loeschangriffes","status":"publish","type":"post","link":"http:\/\/www.ff-averlak-blangenmoor.de\/wcms\/2024\/aufbau-eines-loeschangriffes\/","title":{"rendered":"Aufbau eines L\u00f6schangriffes"},"content":{"rendered":"\n<p>Bei unserem Dienstabend am Donnerstag \u00fcbten wir den Aufbau eines L\u00f6schangriffes. Daf\u00fcr wurde angenommen, dass sich in H\u00f6he des Lerchenweges ein Fl\u00e4chenbrand ereignet hat.<br \/>Den ben\u00f6tigten Hydranten mussten wir erst einmal suchen &#8211; das Schild war zugewachsen und der Hydrant durch Dreck verdeckt. Hier zeigt sich wieder einmal, wie wichtig es ist, Hydranten stets frei und sichtbar zu halten.<\/p>\n\n\n\n<figure class=\"wp-block-gallery has-nested-images columns-default is-cropped wp-block-gallery-1 is-layout-flex wp-block-gallery-is-layout-flex\">\n<figure class=\"wp-block-image size-large\"><a href=\"http:\/\/www.ff-averlak-blangenmoor.de\/wcms\/wp-content\/uploads\/2024\/10\/IMG_3082-scaled.jpg\" data-rel=\"lightbox-image-0\" data-rl_title=\"\" data-rl_caption=\"\" title=\"\"><img loading=\"lazy\" decoding=\"async\" width=\"768\" height=\"1024\" data-id=\"7795\" src=\"http:\/\/www.ff-averlak-blangenmoor.de\/wcms\/wp-content\/uploads\/2024\/10\/IMG_3082-768x1024.jpg\" alt=\"\" class=\"wp-image-7795\" srcset=\"http:\/\/www.ff-averlak-blangenmoor.de\/wcms\/wp-content\/uploads\/2024\/10\/IMG_3082-768x1024.jpg 768w, http:\/\/www.ff-averlak-blangenmoor.de\/wcms\/wp-content\/uploads\/2024\/10\/IMG_3082-225x300.jpg 225w, http:\/\/www.ff-averlak-blangenmoor.de\/wcms\/wp-content\/uploads\/2024\/10\/IMG_3082-1152x1536.jpg 1152w, http:\/\/www.ff-averlak-blangenmoor.de\/wcms\/wp-content\/uploads\/2024\/10\/IMG_3082-1536x2048.jpg 1536w, http:\/\/www.ff-averlak-blangenmoor.de\/wcms\/wp-content\/uploads\/2024\/10\/IMG_3082-scaled.jpg 1920w\" sizes=\"auto, (max-width: 768px) 100vw, 768px\" \/><\/a><\/figure>\n\n\n\n<figure class=\"wp-block-image size-large\"><a href=\"http:\/\/www.ff-averlak-blangenmoor.de\/wcms\/wp-content\/uploads\/2024\/10\/IMG_3072-1-scaled.jpg\" data-rel=\"lightbox-image-1\" data-rl_title=\"\" data-rl_caption=\"\" title=\"\"><img loading=\"lazy\" decoding=\"async\" width=\"768\" height=\"1024\" data-id=\"7796\" src=\"http:\/\/www.ff-averlak-blangenmoor.de\/wcms\/wp-content\/uploads\/2024\/10\/IMG_3072-1-768x1024.jpg\" alt=\"\" class=\"wp-image-7796\" srcset=\"http:\/\/www.ff-averlak-blangenmoor.de\/wcms\/wp-content\/uploads\/2024\/10\/IMG_3072-1-768x1024.jpg 768w, http:\/\/www.ff-averlak-blangenmoor.de\/wcms\/wp-content\/uploads\/2024\/10\/IMG_3072-1-225x300.jpg 225w, http:\/\/www.ff-averlak-blangenmoor.de\/wcms\/wp-content\/uploads\/2024\/10\/IMG_3072-1-1152x1536.jpg 1152w, http:\/\/www.ff-averlak-blangenmoor.de\/wcms\/wp-content\/uploads\/2024\/10\/IMG_3072-1-1536x2048.jpg 1536w, http:\/\/www.ff-averlak-blangenmoor.de\/wcms\/wp-content\/uploads\/2024\/10\/IMG_3072-1-scaled.jpg 1920w\" sizes=\"auto, (max-width: 768px) 100vw, 768px\" \/><\/a><\/figure>\n\n\n\n<figure class=\"wp-block-image size-large\"><a href=\"http:\/\/www.ff-averlak-blangenmoor.de\/wcms\/wp-content\/uploads\/2024\/10\/IMG_3076-scaled.jpg\" data-rel=\"lightbox-image-2\" data-rl_title=\"\" data-rl_caption=\"\" title=\"\"><img loading=\"lazy\" decoding=\"async\" width=\"768\" height=\"1024\" data-id=\"7793\" src=\"http:\/\/www.ff-averlak-blangenmoor.de\/wcms\/wp-content\/uploads\/2024\/10\/IMG_3076-768x1024.jpg\" alt=\"\" class=\"wp-image-7793\" srcset=\"http:\/\/www.ff-averlak-blangenmoor.de\/wcms\/wp-content\/uploads\/2024\/10\/IMG_3076-768x1024.jpg 768w, http:\/\/www.ff-averlak-blangenmoor.de\/wcms\/wp-content\/uploads\/2024\/10\/IMG_3076-225x300.jpg 225w, http:\/\/www.ff-averlak-blangenmoor.de\/wcms\/wp-content\/uploads\/2024\/10\/IMG_3076-1152x1536.jpg 1152w, http:\/\/www.ff-averlak-blangenmoor.de\/wcms\/wp-content\/uploads\/2024\/10\/IMG_3076-1536x2048.jpg 1536w, http:\/\/www.ff-averlak-blangenmoor.de\/wcms\/wp-content\/uploads\/2024\/10\/IMG_3076-scaled.jpg 1920w\" sizes=\"auto, (max-width: 768px) 100vw, 768px\" \/><\/a><\/figure>\n<\/figure>\n","protected":false},"excerpt":{"rendered":"\nBei unserem Dienstabend am Donnerstag \u00fcbten wir den Aufbau eines L\u00f6schangriffes. Daf\u00fcr wurde angenommen, dass sich in H\u00f6he des Lerchenweges ein Fl\u00e4chenbrand ereignet hat.Den ben\u00f6tigten &hellip;","protected":false},"author":17,"featured_media":0,"comment_status":"closed","ping_status":"open","sticky":false,"template":"","format":"standard","meta":{"ngg_post_thumbnail":0,"footnotes":""},"categories":[5],"tags":[],"class_list":["post-7792","post","type-post","status-publish","format-standard","hentry","category-archiv"],"_links":{"self":[{"href":"http:\/\/www.ff-averlak-blangenmoor.de\/wcms\/wp-json\/wp\/v2\/posts\/7792","targetHints":{"allow":["GET"]}}],"collection":[{"href":"http:\/\/www.ff-averlak-blangenmoor.de\/wcms\/wp-json\/wp\/v2\/posts"}],"about":[{"href":"http:\/\/www.ff-averlak-blangenmoor.de\/wcms\/wp-json\/wp\/v2\/types\/post"}],"author":[{"embeddable":true,"href":"http:\/\/www.ff-averlak-blangenmoor.de\/wcms\/wp-json\/wp\/v2\/users\/17"}],"replies":[{"embeddable":true,"href":"http:\/\/www.ff-averlak-blangenmoor.de\/wcms\/wp-json\/wp\/v2\/comments?post=7792"}],"version-history":[{"count":1,"href":"http:\/\/www.ff-averlak-blangenmoor.de\/wcms\/wp-json\/wp\/v2\/posts\/7792\/revisions"}],"predecessor-version":[{"id":7799,"href":"http:\/\/www.ff-averlak-blangenmoor.de\/wcms\/wp-json\/wp\/v2\/posts\/7792\/revisions\/7799"}],"wp:attachment":[{"href":"http:\/\/www.ff-averlak-blangenmoor.de\/wcms\/wp-json\/wp\/v2\/media?parent=7792"}],"wp:term":[{"taxonomy":"category","embeddable":true,"href":"http:\/\/www.ff-averlak-blangenmoor.de\/wcms\/wp-json\/wp\/v2\/categories?post=7792"},{"taxonomy":"post_tag","embeddable":true,"href":"http:\/\/www.ff-averlak-blangenmoor.de\/wcms\/wp-json\/wp\/v2\/tags?post=7792"}],"curies":[{"name":"wp","href":"https:\/\/api.w.org\/{rel}","templated":true}]}}