{"id":7706,"date":"2024-05-17T17:52:48","date_gmt":"2024-05-17T15:52:48","guid":{"rendered":"http:\/\/www.ff-averlak-blangenmoor.de\/wcms\/?p=7706"},"modified":"2024-05-17T17:52:49","modified_gmt":"2024-05-17T15:52:49","slug":"einsatz-nach-notruf-per-e-call","status":"publish","type":"post","link":"http:\/\/www.ff-averlak-blangenmoor.de\/wcms\/2024\/einsatz-nach-notruf-per-e-call\/","title":{"rendered":"Einsatz nach Notruf per E-Call"},"content":{"rendered":"\n<p>Wir wurden am fr\u00fchen Morgen des 17. Mai gemeinsam mit den Feuerwehren Eddelak und Brunsb\u00fcttel nach einem E-Call alarmiert. Vor Ort stellte sich heraus, dass ein Radfahrer gest\u00fcrzt war. Es war kein Eingreifen der Feuerwehr erforderlich.<\/p>\n\n\n\n<figure class=\"wp-block-image size-large\"><a href=\"http:\/\/www.ff-averlak-blangenmoor.de\/wcms\/wp-content\/uploads\/2024\/05\/IMG_1287-scaled.jpg\" data-rel=\"lightbox-image-0\" data-rl_title=\"\" data-rl_caption=\"\" title=\"\"><img loading=\"lazy\" decoding=\"async\" width=\"768\" height=\"1024\" src=\"http:\/\/www.ff-averlak-blangenmoor.de\/wcms\/wp-content\/uploads\/2024\/05\/IMG_1287-768x1024.jpg\" alt=\"\" class=\"wp-image-7707\" srcset=\"http:\/\/www.ff-averlak-blangenmoor.de\/wcms\/wp-content\/uploads\/2024\/05\/IMG_1287-768x1024.jpg 768w, http:\/\/www.ff-averlak-blangenmoor.de\/wcms\/wp-content\/uploads\/2024\/05\/IMG_1287-225x300.jpg 225w, http:\/\/www.ff-averlak-blangenmoor.de\/wcms\/wp-content\/uploads\/2024\/05\/IMG_1287-1152x1536.jpg 1152w, http:\/\/www.ff-averlak-blangenmoor.de\/wcms\/wp-content\/uploads\/2024\/05\/IMG_1287-1536x2048.jpg 1536w, http:\/\/www.ff-averlak-blangenmoor.de\/wcms\/wp-content\/uploads\/2024\/05\/IMG_1287-scaled.jpg 1920w\" sizes=\"auto, (max-width: 768px) 100vw, 768px\" \/><\/a><\/figure>\n\n\n\n<p><\/p>\n","protected":false},"excerpt":{"rendered":"\nWir wurden am fr\u00fchen Morgen des 17. Mai gemeinsam mit den Feuerwehren Eddelak und Brunsb\u00fcttel nach einem E-Call alarmiert. Vor Ort stellte sich heraus, dass &hellip;","protected":false},"author":17,"featured_media":0,"comment_status":"closed","ping_status":"open","sticky":false,"template":"","format":"standard","meta":{"ngg_post_thumbnail":0,"footnotes":""},"categories":[5,6],"tags":[],"class_list":["post-7706","post","type-post","status-publish","format-standard","hentry","category-archiv","category-einsatz"],"_links":{"self":[{"href":"http:\/\/www.ff-averlak-blangenmoor.de\/wcms\/wp-json\/wp\/v2\/posts\/7706","targetHints":{"allow":["GET"]}}],"collection":[{"href":"http:\/\/www.ff-averlak-blangenmoor.de\/wcms\/wp-json\/wp\/v2\/posts"}],"about":[{"href":"http:\/\/www.ff-averlak-blangenmoor.de\/wcms\/wp-json\/wp\/v2\/types\/post"}],"author":[{"embeddable":true,"href":"http:\/\/www.ff-averlak-blangenmoor.de\/wcms\/wp-json\/wp\/v2\/users\/17"}],"replies":[{"embeddable":true,"href":"http:\/\/www.ff-averlak-blangenmoor.de\/wcms\/wp-json\/wp\/v2\/comments?post=7706"}],"version-history":[{"count":1,"href":"http:\/\/www.ff-averlak-blangenmoor.de\/wcms\/wp-json\/wp\/v2\/posts\/7706\/revisions"}],"predecessor-version":[{"id":7708,"href":"http:\/\/www.ff-averlak-blangenmoor.de\/wcms\/wp-json\/wp\/v2\/posts\/7706\/revisions\/7708"}],"wp:attachment":[{"href":"http:\/\/www.ff-averlak-blangenmoor.de\/wcms\/wp-json\/wp\/v2\/media?parent=7706"}],"wp:term":[{"taxonomy":"category","embeddable":true,"href":"http:\/\/www.ff-averlak-blangenmoor.de\/wcms\/wp-json\/wp\/v2\/categories?post=7706"},{"taxonomy":"post_tag","embeddable":true,"href":"http:\/\/www.ff-averlak-blangenmoor.de\/wcms\/wp-json\/wp\/v2\/tags?post=7706"}],"curies":[{"name":"wp","href":"https:\/\/api.w.org\/{rel}","templated":true}]}}