{"id":7444,"date":"2020-02-10T16:01:23","date_gmt":"2020-02-10T14:01:23","guid":{"rendered":"http:\/\/www.ff-averlak-blangenmoor.de\/wcms\/?p=7444"},"modified":"2020-02-10T16:03:03","modified_gmt":"2020-02-10T14:03:03","slug":"spruettenhuus-der-feuerwehrpodcast-auf-spotify-und-i-tunes","status":"publish","type":"post","link":"http:\/\/www.ff-averlak-blangenmoor.de\/wcms\/2020\/spruettenhuus-der-feuerwehrpodcast-auf-spotify-und-i-tunes\/","title":{"rendered":"Spr\u00fcttenhuus &#8211; Der Feuerwehrpodcast auf Spotify und I-Tunes"},"content":{"rendered":"<p><a href=\"http:\/\/www.spr\u00fcttenhuus.de\"><img loading=\"lazy\" decoding=\"async\" class=\"aligncenter size-medium wp-image-7442\" src=\"http:\/\/www.ff-averlak-blangenmoor.de\/wcms\/wp-content\/uploads\/2020\/02\/spruettenhuus-badge-2-300x73.png\" alt=\"\" width=\"300\" height=\"73\" srcset=\"http:\/\/www.ff-averlak-blangenmoor.de\/wcms\/wp-content\/uploads\/2020\/02\/spruettenhuus-badge-2-300x73.png 300w, http:\/\/www.ff-averlak-blangenmoor.de\/wcms\/wp-content\/uploads\/2020\/02\/spruettenhuus-badge-2.png 660w\" sizes=\"auto, (max-width: 300px) 100vw, 300px\" \/><\/a><\/p>\n<p>Im Raum Dithmarschen gibt es seit dem Januar 2020 einen Feuerwehrpodcast, der als Kanal f\u00fcr die Feuerwehren Dithmarschens der \u00d6ffentlichkeitsarbeit dient. Hier kommen Feurewehren und die Menschen hinter der Feuerwehr zu Wort und k\u00f6nnen \u00fcber ihre Arbeit und Menschen berichten. Eine tolle Plattform, wie wir finden, um sich \u00fcber die Arbeit der Feuerwehren auf modernem Wege zu informieren.<\/p>\n<h2>Spr\u00fcttenhuus &#8211; Der Feuerwehrpodcast &#8211; Ein Pressesprecher fragt nach:<\/h2>\n<p>Ein Pressesprecher f\u00fcr Feuerwehren spricht mit Feuerwehrmitgliedern \u00fcber eingesetzte Techniken, besondere Aktivit\u00e4ten, aber auch \u00fcber die Menschen die hinter dem Feuerwehrwesen stehen. Dabei werden die Wehren in ihren Ger\u00e4teh\u00e4usern besucht, um die Atmosph\u00e4re der Feuerwehr zu transportieren.<br \/>\nSpr\u00fcttenhuus ist ein Podcast f\u00fcr jeden, denn er regt Feuerwehren an, wehr\u00fcbergreifend zu denken, genau so, wie er Menschen, die nichts mit Feuerwehr zu tun haben aufzeigt, was Feuerwehr neben dem Feuerl\u00f6schen noch alles bedeutet.<\/p>\n<h2>Podcast h\u00f6ren:<\/h2>\n<p>Der Podcast kann ganz einfach \u00fcber die Webseite <a href=\"http:\/\/www.spruettenhuus.de\">www.spruettenhuus.de<\/a> geh\u00f6rt werden, oder \u00fcber Straming-Dienste wie Spotify, Apple-Podcast, Radio.de und vielen mehr&#8230;<\/p>\n<p>Schau einfach mal vorbei und h\u00f6re rein!<\/p>\n<p><a href=\"http:\/\/www.spruettenhuus.de\"><img loading=\"lazy\" decoding=\"async\" class=\"aligncenter size-medium wp-image-7441\" src=\"http:\/\/www.ff-averlak-blangenmoor.de\/wcms\/wp-content\/uploads\/2020\/02\/Spruettenhuuskfv-300x300.jpg\" alt=\"\" width=\"300\" height=\"300\" srcset=\"http:\/\/www.ff-averlak-blangenmoor.de\/wcms\/wp-content\/uploads\/2020\/02\/Spruettenhuuskfv-300x300.jpg 300w, http:\/\/www.ff-averlak-blangenmoor.de\/wcms\/wp-content\/uploads\/2020\/02\/Spruettenhuuskfv-150x150.jpg 150w, http:\/\/www.ff-averlak-blangenmoor.de\/wcms\/wp-content\/uploads\/2020\/02\/Spruettenhuuskfv-768x768.jpg 768w, http:\/\/www.ff-averlak-blangenmoor.de\/wcms\/wp-content\/uploads\/2020\/02\/Spruettenhuuskfv-1024x1024.jpg 1024w\" sizes=\"auto, (max-width: 300px) 100vw, 300px\" \/><\/a><\/p>\n","protected":false},"excerpt":{"rendered":"\nIm Raum Dithmarschen gibt es seit dem Januar 2020 einen Feuerwehrpodcast, der als Kanal f\u00fcr die Feuerwehren Dithmarschens der \u00d6ffentlichkeitsarbeit dient. Hier kommen Feurewehren und &hellip;","protected":false},"author":5,"featured_media":7442,"comment_status":"closed","ping_status":"open","sticky":false,"template":"","format":"standard","meta":{"ngg_post_thumbnail":0,"footnotes":""},"categories":[5,8,7,4],"tags":[],"class_list":["post-7444","post","type-post","status-publish","format-standard","has-post-thumbnail","hentry","category-archiv","category-homepage-thema","category-homepage-topic","category-allgemein"],"_links":{"self":[{"href":"http:\/\/www.ff-averlak-blangenmoor.de\/wcms\/wp-json\/wp\/v2\/posts\/7444","targetHints":{"allow":["GET"]}}],"collection":[{"href":"http:\/\/www.ff-averlak-blangenmoor.de\/wcms\/wp-json\/wp\/v2\/posts"}],"about":[{"href":"http:\/\/www.ff-averlak-blangenmoor.de\/wcms\/wp-json\/wp\/v2\/types\/post"}],"author":[{"embeddable":true,"href":"http:\/\/www.ff-averlak-blangenmoor.de\/wcms\/wp-json\/wp\/v2\/users\/5"}],"replies":[{"embeddable":true,"href":"http:\/\/www.ff-averlak-blangenmoor.de\/wcms\/wp-json\/wp\/v2\/comments?post=7444"}],"version-history":[{"count":4,"href":"http:\/\/www.ff-averlak-blangenmoor.de\/wcms\/wp-json\/wp\/v2\/posts\/7444\/revisions"}],"predecessor-version":[{"id":7448,"href":"http:\/\/www.ff-averlak-blangenmoor.de\/wcms\/wp-json\/wp\/v2\/posts\/7444\/revisions\/7448"}],"wp:featuredmedia":[{"embeddable":true,"href":"http:\/\/www.ff-averlak-blangenmoor.de\/wcms\/wp-json\/wp\/v2\/media\/7442"}],"wp:attachment":[{"href":"http:\/\/www.ff-averlak-blangenmoor.de\/wcms\/wp-json\/wp\/v2\/media?parent=7444"}],"wp:term":[{"taxonomy":"category","embeddable":true,"href":"http:\/\/www.ff-averlak-blangenmoor.de\/wcms\/wp-json\/wp\/v2\/categories?post=7444"},{"taxonomy":"post_tag","embeddable":true,"href":"http:\/\/www.ff-averlak-blangenmoor.de\/wcms\/wp-json\/wp\/v2\/tags?post=7444"}],"curies":[{"name":"wp","href":"https:\/\/api.w.org\/{rel}","templated":true}]}}