{"id":7367,"date":"2019-12-04T13:37:00","date_gmt":"2019-12-04T11:37:00","guid":{"rendered":"http:\/\/www.ff-averlak-blangenmoor.de\/wcms\/?p=7367"},"modified":"2019-12-04T13:37:40","modified_gmt":"2019-12-04T11:37:40","slug":"letzter-dienst-2019","status":"publish","type":"post","link":"http:\/\/www.ff-averlak-blangenmoor.de\/wcms\/2019\/letzter-dienst-2019\/","title":{"rendered":"Funkunterweisung und Atemschutz\u00fcberwachung"},"content":{"rendered":"<p><strong>Ausrichter: <\/strong>Jesko Lehmann (Funkwart), Marco Dree\u00dfen (Ger\u00e4tewart)<\/p>\n<p><strong>Thema:<\/strong> Funktechnik und AT-\u00dcberwachung<\/p>\n<h2>&nbsp;<\/h2>\n<p>Beim letzten Dienstabend dieses Jahres hat sich unser Funkwart Jesko Lehmann<br \/>\nnocheinmal vorgenommen die Funkger\u00e4te genauer zu erl\u00e4utern. Hierbei wurde<br \/>\ndie Handhabung erkl\u00e4rt, sowie auf die Kommunikation per Funk eingegangen.<\/p>\n<p>Im Anschluss wurde von Marco Dree\u00dfen die Atemschutz\u00fcberwachung am Tablet-PC \u00fcber<br \/>\nein spezielles Programm ausf\u00fchrlich erkl\u00e4rt. Damit jeder die Funktionen am Tablet-PC<br \/>\nbeheerscht. Nach Beendigung der Atemschutz\u00fcberwachung wurde erkl\u00e4rt, was im<br \/>\nVerwendungsnachweis eingetragen wird, damit man die Verwendung der eingesetzten<br \/>\nGer\u00e4te wie Maske, Lungenautomt etc. l\u00fcckenlos dokumentieren kann.<\/p>\n<p>Zum Schluss gab unser K\u00fcchenchef Reini was zum essen aus und man lie\u00df den<br \/>\nAbend gem\u00fctlich ausklingen.<\/p>\n<p>&nbsp;<\/p>\n","protected":false},"excerpt":{"rendered":"Ausrichter: Jesko Lehmann (Funkwart), Marco Dree\u00dfen (Ger\u00e4tewart)\nThema: Funktechnik und AT-\u00dcberwachung\n&nbsp;\nBeim letzten Dienstabend dieses Jahres hat sich unser Funkwart Jesko Lehmann\nnocheinmal vorgenommen die Funkger\u00e4te genauer zu &hellip;","protected":false},"author":18,"featured_media":6928,"comment_status":"closed","ping_status":"open","sticky":false,"template":"","format":"standard","meta":{"ngg_post_thumbnail":0,"footnotes":""},"categories":[5,4],"tags":[],"class_list":["post-7367","post","type-post","status-publish","format-standard","has-post-thumbnail","hentry","category-archiv","category-allgemein"],"_links":{"self":[{"href":"http:\/\/www.ff-averlak-blangenmoor.de\/wcms\/wp-json\/wp\/v2\/posts\/7367","targetHints":{"allow":["GET"]}}],"collection":[{"href":"http:\/\/www.ff-averlak-blangenmoor.de\/wcms\/wp-json\/wp\/v2\/posts"}],"about":[{"href":"http:\/\/www.ff-averlak-blangenmoor.de\/wcms\/wp-json\/wp\/v2\/types\/post"}],"author":[{"embeddable":true,"href":"http:\/\/www.ff-averlak-blangenmoor.de\/wcms\/wp-json\/wp\/v2\/users\/18"}],"replies":[{"embeddable":true,"href":"http:\/\/www.ff-averlak-blangenmoor.de\/wcms\/wp-json\/wp\/v2\/comments?post=7367"}],"version-history":[{"count":6,"href":"http:\/\/www.ff-averlak-blangenmoor.de\/wcms\/wp-json\/wp\/v2\/posts\/7367\/revisions"}],"predecessor-version":[{"id":7387,"href":"http:\/\/www.ff-averlak-blangenmoor.de\/wcms\/wp-json\/wp\/v2\/posts\/7367\/revisions\/7387"}],"wp:featuredmedia":[{"embeddable":true,"href":"http:\/\/www.ff-averlak-blangenmoor.de\/wcms\/wp-json\/wp\/v2\/media\/6928"}],"wp:attachment":[{"href":"http:\/\/www.ff-averlak-blangenmoor.de\/wcms\/wp-json\/wp\/v2\/media?parent=7367"}],"wp:term":[{"taxonomy":"category","embeddable":true,"href":"http:\/\/www.ff-averlak-blangenmoor.de\/wcms\/wp-json\/wp\/v2\/categories?post=7367"},{"taxonomy":"post_tag","embeddable":true,"href":"http:\/\/www.ff-averlak-blangenmoor.de\/wcms\/wp-json\/wp\/v2\/tags?post=7367"}],"curies":[{"name":"wp","href":"https:\/\/api.w.org\/{rel}","templated":true}]}}