{"id":7297,"date":"2019-09-24T07:21:51","date_gmt":"2019-09-24T05:21:51","guid":{"rendered":"http:\/\/www.ff-averlak-blangenmoor.de\/wcms\/?p=7297"},"modified":"2019-09-24T07:21:51","modified_gmt":"2019-09-24T05:21:51","slug":"letzte-funkuebung-des-jahres-2019","status":"publish","type":"post","link":"http:\/\/www.ff-averlak-blangenmoor.de\/wcms\/2019\/letzte-funkuebung-des-jahres-2019\/","title":{"rendered":"Letzte Funk\u00fcbung des Jahres 2019"},"content":{"rendered":"<p>Am Donnerstag den ( 09.09.2019 ) hatten wir unsere letzte Funk\u00fcbung f\u00fcr das Jahr 2019. Diesmal war die Feuerwehr Hochdonn der Gastgeber.<br \/>\nDrei Wehren nahmen an der Funk\u00fcbung teil, darunter waren die Feuerwehr Kuden , die Feuerwehr Quickborn\/Brickeln und die Feuerwehr Averlak-Blangenmoor.<br \/>\nEs werden mehrere Funk\u00fcbungen im Jahr durchgef\u00fchrt, um den Umgang mit den Funkger\u00e4ten kontinuierlich zu trainieren. Dazu wurden \u00fcber Funk den Wehren Koordinaten mitgeteilt, die sie auf Kartenmaterial auslesen und die entsprechenden Orte anfahren m\u00fcssen. Auf dem Weg zu den Koordinatenpunkten mussten zudem einige feuerwehrtechnische Fragen beantwortet werden. Am Ende der Funk\u00fcbung wurden die Mitglieder der teilnehmenden Wehren in das Ger\u00e4tehaus Hochdonn eingeladen,&nbsp; \u00fcber den Verlauf der Funk\u00fcbung zu sprechen.<\/p>\n","protected":false},"excerpt":{"rendered":"Am Donnerstag den ( 09.09.2019 ) hatten wir unsere letzte Funk\u00fcbung f\u00fcr das Jahr 2019. Diesmal war die Feuerwehr Hochdonn der Gastgeber.\nDrei Wehren nahmen an &hellip;","protected":false},"author":16,"featured_media":6248,"comment_status":"closed","ping_status":"open","sticky":false,"template":"","format":"standard","meta":{"ngg_post_thumbnail":0,"footnotes":""},"categories":[5,4],"tags":[],"class_list":["post-7297","post","type-post","status-publish","format-standard","has-post-thumbnail","hentry","category-archiv","category-allgemein"],"_links":{"self":[{"href":"http:\/\/www.ff-averlak-blangenmoor.de\/wcms\/wp-json\/wp\/v2\/posts\/7297","targetHints":{"allow":["GET"]}}],"collection":[{"href":"http:\/\/www.ff-averlak-blangenmoor.de\/wcms\/wp-json\/wp\/v2\/posts"}],"about":[{"href":"http:\/\/www.ff-averlak-blangenmoor.de\/wcms\/wp-json\/wp\/v2\/types\/post"}],"author":[{"embeddable":true,"href":"http:\/\/www.ff-averlak-blangenmoor.de\/wcms\/wp-json\/wp\/v2\/users\/16"}],"replies":[{"embeddable":true,"href":"http:\/\/www.ff-averlak-blangenmoor.de\/wcms\/wp-json\/wp\/v2\/comments?post=7297"}],"version-history":[{"count":4,"href":"http:\/\/www.ff-averlak-blangenmoor.de\/wcms\/wp-json\/wp\/v2\/posts\/7297\/revisions"}],"predecessor-version":[{"id":7302,"href":"http:\/\/www.ff-averlak-blangenmoor.de\/wcms\/wp-json\/wp\/v2\/posts\/7297\/revisions\/7302"}],"wp:featuredmedia":[{"embeddable":true,"href":"http:\/\/www.ff-averlak-blangenmoor.de\/wcms\/wp-json\/wp\/v2\/media\/6248"}],"wp:attachment":[{"href":"http:\/\/www.ff-averlak-blangenmoor.de\/wcms\/wp-json\/wp\/v2\/media?parent=7297"}],"wp:term":[{"taxonomy":"category","embeddable":true,"href":"http:\/\/www.ff-averlak-blangenmoor.de\/wcms\/wp-json\/wp\/v2\/categories?post=7297"},{"taxonomy":"post_tag","embeddable":true,"href":"http:\/\/www.ff-averlak-blangenmoor.de\/wcms\/wp-json\/wp\/v2\/tags?post=7297"}],"curies":[{"name":"wp","href":"https:\/\/api.w.org\/{rel}","templated":true}]}}