{"id":2737,"date":"2013-12-08T23:16:53","date_gmt":"2013-12-08T21:16:53","guid":{"rendered":"http:\/\/www.ff-averlak-blangenmoor.de\/wcms\/?p=2737"},"modified":"2013-12-08T23:16:53","modified_gmt":"2013-12-08T21:16:53","slug":"weihnachtsbaumverkauf","status":"publish","type":"post","link":"http:\/\/www.ff-averlak-blangenmoor.de\/wcms\/2013\/weihnachtsbaumverkauf\/","title":{"rendered":"Weihnachtsbaumverkauf"},"content":{"rendered":"<p>Heute, am 2. Advent haben wir zum dritten Mal unseren Weihnachtsbaumverkauf am Ger\u00e4tehaus durchgef\u00fchrt. Hierzu haben sich am Vormittag bereits die ersten Mitglieder der Freiwilligen Feuerwehr Averlak-Blangenmoor getroffen, um den Verkaufsstart vorzubereiten.\u00a0Es galt, die Fahrzeuge aus den Hallen zu fahren, Tische aufzubauen und diese zu schm\u00fccken. Der Verkaufstresen musste hergerichtet und die vielen Leckereien vorbereitet werden.\u00a0Um 11:00 Uhr wurden die ersten Tannen von Ladwig aus Eddelak angeliefert und auf dem Hof verteilt. So konnte p\u00fcnktlich um 13:00 Uhr mit dem Verkauf begonnen werden. Das Angebot der vielen Nordmanntannen wurde auch in diesem Jahr wieder sehr gut angenommen, so dass im Laufe des Nachmittages mehrere Fuhren der gr\u00fcnen Festtagsbegleiter nachgeliefert werden mussten.\u00a0Nach dem erfolgreichen Tannen-Shoppen wurden auch die Angebote im Ger\u00e4tehaus gerne angenommen. Dort gab es selbstgemachte Waffeln, Fliederbeerensaft, Gl\u00fchwein und Wurst zu besonders g\u00fcnstigen Preisen. F\u00fcr die weihnachtliche Stimmung sorgte dieses Jahr der \u00f6rtliche Chor Querbeet, der mit Weihnachtsschlagern die Veranstaltung musikalisch untermalte.\u00a0Wer seinen Weihnachtsbaum gefunden hatte, brauchte sich \u00fcber den Transport keine Gedanken mehr machen, denn die Lieferung mit dem roten Oldtimer-Traktor unseres Kameraden Reinhard Meyer war nat\u00fcrlich im Preis inbegriffen.<\/p>\n<p><strong>Besonders Bedanken m\u00f6chten wir uns an dieser Stelle bei Anke Vehrs, die uns mit selbstgemachtem Fliederbeerensaft und Waffelteig versorgt hat, sowie bei Familie Ladwig, die uns mehrfach mit Nordmanntannen belieferte.<\/strong><\/p>\n<p><strong>ngg_shortcode_0_placeholder<\/strong><\/p>\n","protected":false},"excerpt":{"rendered":"Heute, am 2. Advent haben wir zum dritten Mal unseren Weihnachtsbaumverkauf am Ger\u00e4tehaus durchgef\u00fchrt. Hierzu haben sich am Vormittag bereits die ersten Mitglieder der Freiwilligen &hellip;","protected":false},"author":5,"featured_media":2738,"comment_status":"closed","ping_status":"open","sticky":false,"template":"","format":"standard","meta":{"ngg_post_thumbnail":0,"footnotes":""},"categories":[5,4],"tags":[],"class_list":["post-2737","post","type-post","status-publish","format-standard","has-post-thumbnail","hentry","category-archiv","category-allgemein"],"_links":{"self":[{"href":"http:\/\/www.ff-averlak-blangenmoor.de\/wcms\/wp-json\/wp\/v2\/posts\/2737","targetHints":{"allow":["GET"]}}],"collection":[{"href":"http:\/\/www.ff-averlak-blangenmoor.de\/wcms\/wp-json\/wp\/v2\/posts"}],"about":[{"href":"http:\/\/www.ff-averlak-blangenmoor.de\/wcms\/wp-json\/wp\/v2\/types\/post"}],"author":[{"embeddable":true,"href":"http:\/\/www.ff-averlak-blangenmoor.de\/wcms\/wp-json\/wp\/v2\/users\/5"}],"replies":[{"embeddable":true,"href":"http:\/\/www.ff-averlak-blangenmoor.de\/wcms\/wp-json\/wp\/v2\/comments?post=2737"}],"version-history":[{"count":9,"href":"http:\/\/www.ff-averlak-blangenmoor.de\/wcms\/wp-json\/wp\/v2\/posts\/2737\/revisions"}],"predecessor-version":[{"id":2748,"href":"http:\/\/www.ff-averlak-blangenmoor.de\/wcms\/wp-json\/wp\/v2\/posts\/2737\/revisions\/2748"}],"wp:featuredmedia":[{"embeddable":true,"href":"http:\/\/www.ff-averlak-blangenmoor.de\/wcms\/wp-json\/wp\/v2\/media\/2738"}],"wp:attachment":[{"href":"http:\/\/www.ff-averlak-blangenmoor.de\/wcms\/wp-json\/wp\/v2\/media?parent=2737"}],"wp:term":[{"taxonomy":"category","embeddable":true,"href":"http:\/\/www.ff-averlak-blangenmoor.de\/wcms\/wp-json\/wp\/v2\/categories?post=2737"},{"taxonomy":"post_tag","embeddable":true,"href":"http:\/\/www.ff-averlak-blangenmoor.de\/wcms\/wp-json\/wp\/v2\/tags?post=2737"}],"curies":[{"name":"wp","href":"https:\/\/api.w.org\/{rel}","templated":true}]}}